{"id":9367,"date":"2019-01-11T17:26:27","date_gmt":"2019-01-11T17:26:27","guid":{"rendered":"https:\/\/matriacon.live-website.com\/?p=9367"},"modified":"2019-03-21T11:30:04","modified_gmt":"2019-03-21T11:30:04","slug":"","status":"publish","type":"post","link":"https:\/\/matriacon.net\/en\/alma-mater-zyklus\/","title":{"rendered":"","raw":""},"content":{"rendered":"","protected":false,"raw":""},"excerpt":{"rendered":"","protected":false,"raw":""},"author":2,"featured_media":8512,"comment_status":"closed","ping_status":"closed","sticky":false,"template":"","format":"standard","meta":{"_de_post_content":"<!-- wp:paragraph -->\n<p><strong>Sechzehn Filme auf DVD in k\u00fcnstlerisch gestalteten Boxen!<\/strong><\/p>\n<!-- \/wp:paragraph -->\n\n<!-- wp:image {\"id\":9368,\"align\":\"left\"} -->\n<div class=\"wp-block-image\"><figure class=\"alignleft\"><img src=\"https:\/\/matriacon.net\/wp-content\/uploads\/Alma-Mater-Zuyklus-1.jpg\" alt=\"\" class=\"wp-image-9368\"\/><\/figure><\/div>\n<!-- \/wp:image -->\n\n<!-- wp:paragraph -->\n<p> Der 2. ALMA MATER-Studiengang wurde \u00fcber 3 Jahre hinweg von Uscha Madeisky filmisch dokumentiert, anschlie\u00dfend die 16-teilige Serie \u201eDer ALMA MATER-Zyklus\u201c hergestellt .<\/p>\n<!-- \/wp:paragraph -->\n\n<!-- wp:paragraph -->\n<p>\nJeder Film ist zwischen 30 und 45 Minuten lang, auf einigen DVDs befindet sich zus\u00e4tzlich Bonusmaterial.<\/p>\n<!-- \/wp:paragraph -->\n\n<!-- wp:paragraph -->\n<p>\nDie Zuschauerin erlebt in verdichteter Form wie matriarchales Wissen gelehrt und matriarchales K\u00f6nnen einge\u00fcbt wird. Beim Betrachten kann\nsie zusammen mit den 26 Teilnehmerinnen, immer zu den Jahreskreisfesten, bei 30 verschiedenen Dozentinnen in einer Art 'Fernlehrgang' an der Theorie und Praxis teilhaben. Die Studierenden bereiten\nsich f\u00fcr die Rituale vor, \u00fcben Lieder und T\u00e4nze ein und befassen sich, angeregt durch die Dozentinnen, mit Mythen, Analysen, Erkenntnissen, Visionen und \u00dcbungen zur Re-Matriierung.<\/p>\n<!-- \/wp:paragraph -->\n\n<!-- wp:paragraph -->\n<p><em><strong>Kommentar von Kerstin Pilop:<\/strong><\/em><\/p>\n<!-- \/wp:paragraph -->\n\n<!-- wp:paragraph -->\n<p><em>Die gesamte ALMA MATER Pr\u00e4sentation der Filmreihe ist in ihrer Substanz und Vielfalt einfach perfekt \u2013 gute Schnitte und\nKamera-Einschwenkungen, bezaubernde Landschafts- und Naturbilder, klare Symbole und spirituelle Botschaften mit informativen Einblicken in die anspruchsvollen Lehrinhalte, klangvolle Stimmen in Wort-\nund Liedauswahl\u2026 Ich bin rundum be-\u201egeistert\u201c.<\/em><\/p>\n<!-- \/wp:paragraph -->\n\n<!-- wp:paragraph -->\n<p><em>Danke! Danke, Uscha, f\u00fcr Deine feinf\u00fchlige spirituelle Film-Regie und danke, Eva, f\u00fcr die magischen Augenblicke, die durch Dein professionelles Cuttern der Bilder entstehen. Danke, Li, f\u00fcr Deine wundervolle Covergestaltung und die k\u00fcnstlerischen Verwandlungen der Jahresradzeichnung, die in den Farbspielen lebendig zu tanzen beginnt. Danke, Dagmar, f\u00fcr Deine allesdurchdringende ALMA-Energie, die in jedem Teil sp\u00fcrbar ist. Danke, Siegrun, f\u00fcr Deine Kraft und Authentizit\u00e4t, mit der Du Deine Visionen in Deiner Mutter-Akademie verk\u00f6rperst. Ich bin so stolz auf Euch und freue mich mit Euch, dass die bewegenden Botschaften mit dieser Filmserie nun in (und vielleicht um) die weite Welt gehen, in unserem Jahrtausend der Frau....<\/em><\/p>\n<!-- \/wp:paragraph -->\n\n<!-- wp:paragraph -->\n<p><strong>Zu beziehen \u00fcber:  <\/strong>madeisky[at]tomult.de<\/p>\n<!-- \/wp:paragraph -->","_de_post_name":"alma-mater-zyklus","_de_post_excerpt":"","_de_post_title":"ALMA MATER - Zyklus","_en_post_content":"","_en_post_name":"","_en_post_excerpt":"","_en_post_title":"","edit_language":"en","ngg_post_thumbnail":0,"_jetpack_memberships_contains_paid_content":false,"footnotes":""},"categories":[12],"tags":[],"class_list":["post-9367","post","type-post","status-publish","format-standard","has-post-thumbnail","hentry","category-filme"],"jetpack_featured_media_url":"https:\/\/matriacon.net\/wp-content\/uploads\/Alma-Mater-Zuyklus.jpg","jetpack_sharing_enabled":true,"_links":{"self":[{"href":"https:\/\/matriacon.net\/en\/wp-json\/wp\/v2\/posts\/9367","targetHints":{"allow":["GET"]}}],"collection":[{"href":"https:\/\/matriacon.net\/en\/wp-json\/wp\/v2\/posts"}],"about":[{"href":"https:\/\/matriacon.net\/en\/wp-json\/wp\/v2\/types\/post"}],"author":[{"embeddable":true,"href":"https:\/\/matriacon.net\/en\/wp-json\/wp\/v2\/users\/2"}],"replies":[{"embeddable":true,"href":"https:\/\/matriacon.net\/en\/wp-json\/wp\/v2\/comments?post=9367"}],"version-history":[{"count":2,"href":"https:\/\/matriacon.net\/en\/wp-json\/wp\/v2\/posts\/9367\/revisions"}],"predecessor-version":[{"id":9635,"href":"https:\/\/matriacon.net\/en\/wp-json\/wp\/v2\/posts\/9367\/revisions\/9635"}],"wp:featuredmedia":[{"embeddable":true,"href":"https:\/\/matriacon.net\/en\/wp-json\/wp\/v2\/media\/8512"}],"wp:attachment":[{"href":"https:\/\/matriacon.net\/en\/wp-json\/wp\/v2\/media?parent=9367"}],"wp:term":[{"taxonomy":"category","embeddable":true,"href":"https:\/\/matriacon.net\/en\/wp-json\/wp\/v2\/categories?post=9367"},{"taxonomy":"post_tag","embeddable":true,"href":"https:\/\/matriacon.net\/en\/wp-json\/wp\/v2\/tags?post=9367"}],"curies":[{"name":"wp","href":"https:\/\/api.w.org\/{rel}","templated":true}]}}